{"id":2012,"date":"2022-11-30T20:04:34","date_gmt":"2022-11-30T19:04:34","guid":{"rendered":"https:\/\/donavarra.flatbrands.com\/?p=2012"},"modified":"2025-05-20T12:54:37","modified_gmt":"2025-05-20T10:54:37","slug":"la-cecrv-solicita-una-politica-vitivinicola-europea-fuerte-y-especifica","status":"publish","type":"post","link":"https:\/\/navarrawine.com\/de\/la-cecrv-solicita-una-politica-vitivinicola-europea-fuerte-y-especifica\/","title":{"rendered":"Der CECRV fordert eine starke und gezielte europ\u00e4ische Weinpolitik."},"content":{"rendered":"<p><em>Die spanische Konferenz der Weinregulierungsbeh\u00f6rden (CECRV) brachte am 25. November in Madrid spanische Europaabgeordnete aus verschiedenen Fraktionen zu einem Arbeitstreffen zusammen, bei dem spanische Wein-Herkunftsbezeichnungen und politische Vertreter Informationen, Wissen und Standpunkte zu den Reformen der europ\u00e4ischen Politik austauschten, die den Weinsektor insgesamt und die geografischen Angaben selbst betreffen.<\/em><\/p>\n\n\n\n<p>Die Conferencia Espa\u00f1ola de Consejos Reguladores Vitivin\u00edcolas, der Verband der Herkunftsbezeichnungen f\u00fcr Wein, brachte am 25. November in der Casa de Galicia in Madrid die&nbsp;<strong>Spanische Abgeordnete aus verschiedenen Fraktionen<\/strong>An der Veranstaltung nahmen Mitglieder der beiden Aussch\u00fcsse des Europ\u00e4ischen Parlaments (EP) teil, die am unmittelbarsten mit dem Weinsektor befasst sind: der Ausschuss f\u00fcr Landwirtschaft und l\u00e4ndliche Entwicklung und der Ausschuss f\u00fcr Umweltfragen, Volksgesundheit und Lebensmittelsicherheit. Sie und die Vertreter der Herkunftsbezeichnungen f\u00fcr Wein waren die Protagonisten der&nbsp;<strong>Treffen<\/strong>&nbsp;\"<strong>Ursprungsbezeichnungen f\u00fcr Wein angesichts der Reformen der EU-Agrar- und Ern\u00e4hrungspolitik<\/strong>\"Ziel der vom CECRV organisierten Veranstaltung war es, dass die DDOOs und die politischen Vertreter unseres Landes im EP Informationen, Wissen und Positionen zu den europ\u00e4ischen Reformen austauschen, die kurz- und mittelfristig die gr\u00f6\u00dften Auswirkungen auf die Weinpolitik der Europ\u00e4ischen Union haben k\u00f6nnten.&nbsp;<\/p>\n\n\n\n<p>Gemeinsam mit fast zwanzig Weinanbaugebieten und den f\u00fchrenden Vertretern von CECRV und EFOW hat die&nbsp;<em>Europ\u00e4ischer Verband der Ursprungsweine<\/em>der die geografischen Angaben f\u00fcr Wein bei den EU-Institutionen vertritt,&nbsp;<strong>An dem Treffen nahmen die Europaabgeordneten Dolors Monserrat, Dolors Monserrat<\/strong>&nbsp;<strong>(Fraktion der Europ\u00e4ischen Volkspartei)<\/strong>Vorsitzende des Petitionsausschusses und Mitglied des Ausschusses f\u00fcr Umweltfragen, Volksgesundheit und Lebensmittelsicherheit des Europ\u00e4ischen Parlaments,&nbsp;<strong>Adri\u00e1n V\u00e1zquez L\u00e1zara (Renew Europe Group, B\u00fcrger)<\/strong>Der Rechtsausschuss des EP,&nbsp;<strong>Eugenia Rodr\u00edguez Palop, (Fraktion Die Linke, Podemos)<\/strong>Sie ist stellvertretende Vorsitzende des Ausschusses f\u00fcr die Rechte der Frau und die Gleichstellung der Geschlechter und Mitglied des Landwirtschaftsausschusses des Parlaments,&nbsp;<strong>Daniel Senderos, Abgeordneter (Sozialistische Fraktion, PSOE)<\/strong>&nbsp;-Clara Aguilera, Mitglied des Landwirtschaftsausschusses des EP f\u00fcr die Fraktion der Sozialisten &amp; Demokraten, die nicht anwesend sein konnte, war stellvertretende Sprecherin der PSOE im Ausschuss f\u00fcr Landwirtschaft, Fischerei und Ern\u00e4hrung des spanischen Parlaments,&nbsp;<strong>und Mazaly Aguilar (Fraktion der Europ\u00e4ischen Konservativen und Reformisten, VOX)<\/strong>Stellvertretende Vorsitzende des Ausschusses f\u00fcr Landwirtschaft und l\u00e4ndliche Entwicklung des Europ\u00e4ischen Parlaments.<\/p>\n\n\n\n<p>Das Treffen bot Gelegenheit, drei europ\u00e4ische Reformen zu er\u00f6rtern, die sich auf die Regulierung geografischer Angaben (bereits in Vorbereitung), die Kennzeichnung von Agrar- und Lebensmittelerzeugnissen und die Absatzf\u00f6rderung f\u00fcr diese Erzeugnisse auswirken werden (die beiden letzteren sind kurz- und mittelfristig geplant).<\/p>\n\n\n\n<p>Der CECRV und die Herkunftsbezeichnungen forderten, erl\u00e4uterten und argumentierten ausf\u00fchrlich ihre Sichtweise und forderten die politischen Vertreter auf, daf\u00fcr zu sorgen, dass die Reform der Regelung der geografischen Angaben dazu dient<strong>&nbsp;die derzeitige Verordnung \u00fcber die gemeinsame Organisation der Agrarm\u00e4rkte zu verbessern und nicht die Regeln zu vervielfachen.<\/strong>Die DDOOs forderten auch, wie von der Europ\u00e4ischen Kommission beabsichtigt, eine neue Grundverordnung zum IIGG zu schaffen. Die DDOOs forderten au\u00dferdem&nbsp;<strong>die nicht an das EUIPO delegiert sind<\/strong>&nbsp;(Amt f\u00fcr geistiges Eigentum der EU)&nbsp;<strong>Aufgaben und Zust\u00e4ndigkeiten f\u00fcr Verfahren im Zusammenhang mit geografischen Angaben und Produktspezifikationen<\/strong>&nbsp;und beweist die&nbsp;<strong>die richtige Rolle, die die Ursprungsbezeichnungen als Hebel f\u00fcr Ver\u00e4nderungen im Bereich der Nachhaltigkeit spielen k\u00f6nnen<\/strong>&nbsp;\u00f6kologische, wirtschaftliche und soziale Aspekte. Was die Kennzeichnung betrifft, so waren sich die Vertreter der G\u00fctesiegel sehr einig \u00fcber die Notwendigkeit&nbsp;<strong>die derzeit geltenden Bestimmungen einhalten&nbsp;<\/strong>dass<strong>&nbsp;zur N\u00e4hrwert- und Inhaltsstoffkennzeichnung&nbsp;<\/strong>Sie verteidigten sie als einen entscheidenden Schritt des Sektors, um das Wissen der Verbraucher \u00fcber das Produkt zu verbessern und weiterhin zur Verringerung des Alkoholmissbrauchs beizutragen, in \u00dcbereinstimmung mit den Zielen, die von der Europ\u00e4ischen Kommission f\u00fcr die bevorstehende Reform der Verordnung \u00fcber die Information der Verbraucher festgelegt wurden. In Bezug auf die Absatzf\u00f6rderung von EU-Lebensmitteln forderten die DDOOs&nbsp;<strong>Gleichbehandlung des Weinsektors mit anderen Agrar- und Ern\u00e4hrungssektoren<\/strong>ohne jegliche Diskriminierung oder Ausgrenzung und unter Ber\u00fccksichtigung der Bem\u00fchungen der Marktteilnehmer und der geografischen Angaben, sich zu Benchmarks f\u00fcr Nachhaltigkeit zu entwickeln und sich an die von der Europ\u00e4ischen Kommission geplante Politik der Verbraucherinformation anzupassen.<\/p>\n\n\n\n<p>Die anwesenden Mitglieder des Europ\u00e4ischen Parlaments \u00fcbermittelten den DDOOs ihrerseits ihre&nbsp;<strong>Unterst\u00fctzung f\u00fcr diese Forderungen<\/strong>Sie hielten sie ausnahmslos alle f\u00fcr verst\u00e4ndlich und vern\u00fcnftig. Alle machten ihre Vorstellung von Wein als einem&nbsp;<strong>dynamischer, gut organisierter, gut strukturierter und hochmoderner Sektor&nbsp;<\/strong>Die Teilnehmer wiesen auch auf die Besonderheiten ihrer Arbeit in den Aussch\u00fcssen hin, denen sie angeh\u00f6ren, insbesondere im Landwirtschaftsausschuss, und erkl\u00e4rten, dass sie in der Lage sind, die von den Organen aufgeworfenen Debatten und Fragen rigoros und selbstdiagnostisch anzugehen. Und sie wiesen auf die Besonderheiten der Arbeit hin, die sie in den Aussch\u00fcssen, denen sie angeh\u00f6ren, leisten, insbesondere im Landwirtschaftsausschuss, und erkl\u00e4rten, dass die&nbsp;<strong>Konsens zwischen verschiedenen politischen Formationen<\/strong>&nbsp;ist unter den spanischen Vertretern im Europ\u00e4ischen Parlament sehr pr\u00e4sent, wenn es um Weinfragen geht, und teilt die Ansicht, dass dies ein sehr bereichs\u00fcbergreifender Sektor ist, der einen gro\u00dfen Beitrag zur europ\u00e4ischen Landwirtschaft und zu der unseres Landes leistet.<\/p>\n\n\n\n<p>Angesichts der Gefahr einer erheblichen Schw\u00e4chung der Weinpolitik der Europ\u00e4ischen Union, die die ersten Vorschl\u00e4ge der Europ\u00e4ischen Kommission zu den drei oben genannten Reformen nach Ansicht der Herkunftsbezeichnungen f\u00fcr die Weinpolitik der Europ\u00e4ischen Union darstellen, fordert der CECRV&nbsp;<strong>wurde beantragt<\/strong>&nbsp;<strong>alle seine politischen Formationen im Europ\u00e4ischen Parlament zu unterst\u00fctzen, um sicherzustellen, dass die EU weiterhin eine starke und zielgerichtete Weinpolitik betreibt<\/strong>Der europ\u00e4ische Weinsektor, mit den PDOOs als treibende Kraft, ist bisher eine Erfolgsgeschichte.<\/p>","protected":false},"excerpt":{"rendered":"<p>El 25 de noviembre, en Madrid, la Conferencia Espa\u00f1ola de Consejos Reguladores Vitivin\u00edcolas (CECRV) reuni\u00f3 a europarlamentarios y europarlamentarias espa\u00f1oles de diferentes grupos pol\u00edticos para celebrar un encuentro de trabajo en el que las denominaciones de origen de vino espa\u00f1olas y los representantes pol\u00edticos intercambiaron informaci\u00f3n, conocimiento y posici\u00f3n sobre reformas pol\u00edticas europeas que afectan [&hellip;]<\/p>","protected":false},"author":1,"featured_media":1977,"comment_status":"open","ping_status":"open","sticky":false,"template":"","format":"standard","meta":{"_acf_changed":false,"_et_pb_use_builder":"off","_et_pb_old_content":"","_et_gb_content_width":"","footnotes":""},"categories":[1],"tags":[52],"class_list":["post-2012","post","type-post","status-publish","format-standard","has-post-thumbnail","hentry","category-sin-categoria","tag-antiguas"],"acf":[],"_links":{"self":[{"href":"https:\/\/navarrawine.com\/de\/wp-json\/wp\/v2\/posts\/2012","targetHints":{"allow":["GET"]}}],"collection":[{"href":"https:\/\/navarrawine.com\/de\/wp-json\/wp\/v2\/posts"}],"about":[{"href":"https:\/\/navarrawine.com\/de\/wp-json\/wp\/v2\/types\/post"}],"author":[{"embeddable":true,"href":"https:\/\/navarrawine.com\/de\/wp-json\/wp\/v2\/users\/1"}],"replies":[{"embeddable":true,"href":"https:\/\/navarrawine.com\/de\/wp-json\/wp\/v2\/comments?post=2012"}],"version-history":[{"count":0,"href":"https:\/\/navarrawine.com\/de\/wp-json\/wp\/v2\/posts\/2012\/revisions"}],"wp:featuredmedia":[{"embeddable":true,"href":"https:\/\/navarrawine.com\/de\/wp-json\/wp\/v2\/media\/1977"}],"wp:attachment":[{"href":"https:\/\/navarrawine.com\/de\/wp-json\/wp\/v2\/media?parent=2012"}],"wp:term":[{"taxonomy":"category","embeddable":true,"href":"https:\/\/navarrawine.com\/de\/wp-json\/wp\/v2\/categories?post=2012"},{"taxonomy":"post_tag","embeddable":true,"href":"https:\/\/navarrawine.com\/de\/wp-json\/wp\/v2\/tags?post=2012"}],"curies":[{"name":"wp","href":"https:\/\/api.w.org\/{rel}","templated":true}]}}