{"id":1662,"date":"2024-11-07T16:59:47","date_gmt":"2024-11-07T15:59:47","guid":{"rendered":"https:\/\/donavarra.flatbrands.com\/?p=1662"},"modified":"2025-05-20T12:50:27","modified_gmt":"2025-05-20T10:50:27","slug":"navarra-en-ruta-por-belgica-y-paises-bajos","status":"publish","type":"post","link":"https:\/\/navarrawine.com\/de\/navarra-en-ruta-por-belgica-y-paises-bajos\/","title":{"rendered":"Navarra auf dem Weg durch Belgien und die Niederlande"},"content":{"rendered":"<p><strong>Die Herkunftsbezeichnung Navarra landet zusammen mit einer Gruppe von Weinkellereien in Br\u00fcssel und Amsterdam, um ihre internationalen Handelsbeziehungen mit strategischen M\u00e4rkten auszubauen.&nbsp;<\/strong><\/p>\n\n\n\n<p>In dieser Woche ist der Kontrollrat der D.O. Navarra zusammen mit den Weinkellereien nach Belgien und in die Niederlande gereist:&nbsp;<strong>Amatria Vinos y Vi\u00f1edos, Bodegas Manzanos, Bodegas Marco Real, Bodegas San Mart\u00edn, Finca Albret, Pago de Larrainzar, Se\u00f1or\u00edo de Sarr\u00eda, Ubeta und Vi\u00f1a Zorzal.<\/strong><\/p>\n\n\n\n<p>Sie alle haben an zwei internationalen Werbeaktionen in den Hauptst\u00e4dten beider L\u00e4nder teilgenommen, um f\u00fcr ihre Weine und den Reichtum Navarras als eine der wichtigsten Weinregionen Spaniens zu werben.<\/p>\n\n\n\n<p>Beide Veranstaltungen richteten sich an ein Fachpublikum und wurden von Importeuren, Eink\u00e4ufern, Verordnern, Sommeliers, der Fachpresse und anderen Fachleuten des Sektors besucht.<br><br>In beiden St\u00e4dten konnten die Teilnehmer die Identit\u00e4t und die Unterscheidungsmerkmale der Herkunftsbezeichnung Navarra bei einer Meisterverkostung unter der Leitung von Vicky Corbeels, einer renommierten Expertin und Kommunikatorin in der Welt des Weins in beiden L\u00e4ndern, eingehend kennenlernen. Nach den Verkostungen wurde das Programm dieser Veranstaltung f\u00fcr Fachleute durch eine Weinlounge an jedem der Veranstaltungsorte erg\u00e4nzt, wo Vertreter der verschiedenen teilnehmenden Weinprojekte die Gelegenheit hatten, aus erster Hand ihre Geschichte und Philosophie zu erl\u00e4utern und Weine aus ihrer gesamten Produktpalette zu verkosten.<\/p>\n\n\n\n<p>Die Niederlande sind mit 818 472 verkauften Litern das drittwichtigste Exportland f\u00fcr die Ursprungsbezeichnung Navarra. Spanien wird als viertgr\u00f6\u00dfter Exporteur des Landes recht wichtig. Andererseits zeigen die Verkaufsstatistiken f\u00fcr die D.O. Navarra in Belgien in den letzten Jahren einen leichten Aufw\u00e4rtstrend mit insgesamt 146.981 verkauften Litern.<\/p>\n\n\n\n<p><em><strong>\"Der Benelux-Raum ist ein traditioneller Markt f\u00fcr D.O. Navarra, auf dem wir weiterhin unseren ganzen Reichtum und unser Potenzial zeigen m\u00fcssen, um den Umsatz weiter zu steigern. Im Jahr 2023 ist es uns gelungen, den Handel in allen drei L\u00e4ndern zu steigern, was ein Indikator daf\u00fcr ist, dass das Produkt beliebt ist und funktioniert. Der Weinsektor befindet sich in einer komplexen Phase auf internationaler Ebene. Daher ist es von entscheidender Bedeutung, Aktionen wie diese durchzuf\u00fchren, um unsere Marke weiter zu st\u00e4rken und den Weinkellereien neue internationale Handelsm\u00f6glichkeiten zu er\u00f6ffnen\".<\/strong>,<\/em>&nbsp;kommentiert David Palacios, Pr\u00e4sident des Regulierungsrates der D.O. Navarra.&nbsp;&nbsp;<\/p>\n\n\n\n<p>Mit dieser Reise schlie\u00dft Navarra die Ma\u00dfnahmen seines internationalen Werbeplans f\u00fcr dieses Jahr ab, nachdem es bereits in anderen wichtigen L\u00e4ndern wie den Vereinigten Staaten, Gro\u00dfbritannien, Japan und Deutschland gearbeitet und Missionen durchgef\u00fchrt hat.<\/p>\n\n\n\n<p>Au\u00dferdem wird Navarra Ende November wieder einmal Besuch bekommen von&nbsp;<strong>Beth Willard,<\/strong>&nbsp;renommierter Experte in der Welt des Weins, Mitarbeiter von<strong>&nbsp;Tim Atkin<\/strong>&nbsp;und Autorin ihrer renommierten Berichte \u00fcber Weinregionen, sowie Co-Vorsitzende der Decanter World Wine Awards und Mitarbeiterin der Zeitschrift Decanter.<\/p>","protected":false},"excerpt":{"rendered":"<p>La Denominaci\u00f3n de Origen Navarra aterriza en Bruselas y \u00c1msterdam junto a un grupo de bodegas para ampliar sus relaciones comerciales internacionales con mercados estrat\u00e9gicos.&nbsp; Esta semana, el Consejo Regulador de la D.O. Navarra ha viajado a B\u00e9lgica y a Pa\u00edses Bajos junto con las bodegas:&nbsp;Amatria Vinos y Vi\u00f1edos, Bodegas Manzanos, Bodegas Marco Real, Bodegas [&hellip;]<\/p>","protected":false},"author":1,"featured_media":1631,"comment_status":"open","ping_status":"open","sticky":false,"template":"","format":"standard","meta":{"_acf_changed":false,"_et_pb_use_builder":"off","_et_pb_old_content":"","_et_gb_content_width":"","footnotes":""},"categories":[1],"tags":[52],"class_list":["post-1662","post","type-post","status-publish","format-standard","has-post-thumbnail","hentry","category-sin-categoria","tag-antiguas"],"acf":[],"_links":{"self":[{"href":"https:\/\/navarrawine.com\/de\/wp-json\/wp\/v2\/posts\/1662","targetHints":{"allow":["GET"]}}],"collection":[{"href":"https:\/\/navarrawine.com\/de\/wp-json\/wp\/v2\/posts"}],"about":[{"href":"https:\/\/navarrawine.com\/de\/wp-json\/wp\/v2\/types\/post"}],"author":[{"embeddable":true,"href":"https:\/\/navarrawine.com\/de\/wp-json\/wp\/v2\/users\/1"}],"replies":[{"embeddable":true,"href":"https:\/\/navarrawine.com\/de\/wp-json\/wp\/v2\/comments?post=1662"}],"version-history":[{"count":0,"href":"https:\/\/navarrawine.com\/de\/wp-json\/wp\/v2\/posts\/1662\/revisions"}],"wp:featuredmedia":[{"embeddable":true,"href":"https:\/\/navarrawine.com\/de\/wp-json\/wp\/v2\/media\/1631"}],"wp:attachment":[{"href":"https:\/\/navarrawine.com\/de\/wp-json\/wp\/v2\/media?parent=1662"}],"wp:term":[{"taxonomy":"category","embeddable":true,"href":"https:\/\/navarrawine.com\/de\/wp-json\/wp\/v2\/categories?post=1662"},{"taxonomy":"post_tag","embeddable":true,"href":"https:\/\/navarrawine.com\/de\/wp-json\/wp\/v2\/tags?post=1662"}],"curies":[{"name":"wp","href":"https:\/\/api.w.org\/{rel}","templated":true}]}}